{"id":158288,"date":"2023-07-10T12:56:43","date_gmt":"2023-07-10T18:56:43","guid":{"rendered":"http:\/\/sateliteonline.mx\/web\/?p=158288"},"modified":"2023-07-10T12:56:43","modified_gmt":"2023-07-10T18:56:43","slug":"mujer-es-herida-en-el-cuello-en-un-asalto","status":"publish","type":"post","link":"https:\/\/sateliteonline.mx\/wp\/mujer-es-herida-en-el-cuello-en-un-asalto\/","title":{"rendered":"Mujer es herida en el cuello en un asalto"},"content":{"rendered":"\n<p>Sateliteonline.mx<\/p>\n\n\n\n<p>Culiac\u00e1n, Sinaloa; a 10 de julio de 2023.- Una mujer que es due\u00f1a de una tienda resulto herida en un asalto, luego que un delincuente le caus\u00f3 dos heridas en el cuello en el fraccionamiento Prados del Sol en Chulavista.<\/p>\n\n\n\n<p>Se trata de Irma Johana de 40 a\u00f1os y estaba en una tienda que se localiza por la calle Manuel Payno donde fue asaltada por un homnre que la agredi\u00f3 con un cutter en el cuello.<\/p>\n\n\n\n<p>Una llamada que se recibi\u00f3 en el servicio de emergencias alert\u00f3 a polic\u00edas de diferentes corporaciones sobre el ataque y familiares la trasladaron en un veh\u00edculo particular hacia la cl\u00ednica del seguro social de Ca\u00f1adas esta ma\u00f1ana.<\/p>\n\n\n\n<p>El reporte establece que la mujer present\u00f3 unaa herida de dos y otra de tres cent\u00edmetros en el cuello, por lo cual fue atendida en esa cl\u00ednica.<\/p>\n","protected":false},"excerpt":{"rendered":"<p>Sateliteonline.mx Culiac\u00e1n, Sinaloa; a 10 de julio de 2023.- Una mujer que es due\u00f1a de una tienda resulto<\/p>\n","protected":false},"author":4,"featured_media":126259,"comment_status":"closed","ping_status":"open","sticky":false,"template":"","format":"standard","meta":{"footnotes":""},"categories":[5],"tags":[10290],"class_list":["post-158288","post","type-post","status-publish","format-standard","has-post-thumbnail","hentry","category-policiaca","tag-mujer-es-herida-en-el-cuello-en-un-asalto"],"yoast_head":"<!-- This site is optimized with the Yoast SEO plugin v25.6 - https:\/\/yoast.com\/wordpress\/plugins\/seo\/ -->\n<title>Mujer es herida en el cuello en un asalto - SateliteOnline.mx<\/title>\n<meta name=\"robots\" content=\"index, follow, max-snippet:-1, max-image-preview:large, max-video-preview:-1\" \/>\n<link rel=\"canonical\" href=\"https:\/\/sateliteonline.mx\/wp\/mujer-es-herida-en-el-cuello-en-un-asalto\/\" \/>\n<meta property=\"og:locale\" content=\"es_ES\" \/>\n<meta property=\"og:type\" content=\"article\" \/>\n<meta property=\"og:title\" content=\"Mujer es herida en el cuello en un asalto - SateliteOnline.mx\" \/>\n<meta property=\"og:description\" content=\"Sateliteonline.mx Culiac\u00e1n, Sinaloa; a 10 de julio de 2023.- Una mujer que es due\u00f1a de una tienda resulto\" \/>\n<meta property=\"og:url\" content=\"https:\/\/sateliteonline.mx\/wp\/mujer-es-herida-en-el-cuello-en-un-asalto\/\" \/>\n<meta property=\"og:site_name\" content=\"SateliteOnline.mx\" \/>\n<meta property=\"article:published_time\" content=\"2023-07-10T18:56:43+00:00\" \/>\n<meta name=\"author\" content=\"Geovanny Elizalde\" \/>\n<meta name=\"twitter:card\" content=\"summary_large_image\" \/>\n<meta name=\"twitter:label1\" content=\"Escrito por\" \/>\n\t<meta name=\"twitter:data1\" content=\"Geovanny Elizalde\" \/>\n\t<meta name=\"twitter:label2\" content=\"Tiempo de lectura\" \/>\n\t<meta name=\"twitter:data2\" content=\"1 minuto\" \/>\n<script type=\"application\/ld+json\" class=\"yoast-schema-graph\">{\"@context\":\"https:\/\/schema.org\",\"@graph\":[{\"@type\":\"Article\",\"@id\":\"https:\/\/sateliteonline.mx\/wp\/mujer-es-herida-en-el-cuello-en-un-asalto\/#article\",\"isPartOf\":{\"@id\":\"https:\/\/sateliteonline.mx\/wp\/mujer-es-herida-en-el-cuello-en-un-asalto\/\"},\"author\":{\"name\":\"Geovanny Elizalde\",\"@id\":\"https:\/\/sateliteonline.mx\/wp\/#\/schema\/person\/87e985de8793f2c31b56a4ca49b979b3\"},\"headline\":\"Mujer es herida en el cuello en un asalto\",\"datePublished\":\"2023-07-10T18:56:43+00:00\",\"mainEntityOfPage\":{\"@id\":\"https:\/\/sateliteonline.mx\/wp\/mujer-es-herida-en-el-cuello-en-un-asalto\/\"},\"wordCount\":159,\"publisher\":{\"@id\":\"https:\/\/sateliteonline.mx\/wp\/#organization\"},\"image\":{\"@id\":\"https:\/\/sateliteonline.mx\/wp\/mujer-es-herida-en-el-cuello-en-un-asalto\/#primaryimage\"},\"thumbnailUrl\":\"https:\/\/sateliteonline.mx\/wp\/wp-content\/uploads\/2021\/12\/operativo.jpg\",\"keywords\":[\"Mujer es herida en el cuello en un asalto\"],\"articleSection\":[\"Policiaca\"],\"inLanguage\":\"es\"},{\"@type\":\"WebPage\",\"@id\":\"https:\/\/sateliteonline.mx\/wp\/mujer-es-herida-en-el-cuello-en-un-asalto\/\",\"url\":\"https:\/\/sateliteonline.mx\/wp\/mujer-es-herida-en-el-cuello-en-un-asalto\/\",\"name\":\"Mujer es herida en el cuello en un asalto - SateliteOnline.mx\",\"isPartOf\":{\"@id\":\"https:\/\/sateliteonline.mx\/wp\/#website\"},\"primaryImageOfPage\":{\"@id\":\"https:\/\/sateliteonline.mx\/wp\/mujer-es-herida-en-el-cuello-en-un-asalto\/#primaryimage\"},\"image\":{\"@id\":\"https:\/\/sateliteonline.mx\/wp\/mujer-es-herida-en-el-cuello-en-un-asalto\/#primaryimage\"},\"thumbnailUrl\":\"https:\/\/sateliteonline.mx\/wp\/wp-content\/uploads\/2021\/12\/operativo.jpg\",\"datePublished\":\"2023-07-10T18:56:43+00:00\",\"breadcrumb\":{\"@id\":\"https:\/\/sateliteonline.mx\/wp\/mujer-es-herida-en-el-cuello-en-un-asalto\/#breadcrumb\"},\"inLanguage\":\"es\",\"potentialAction\":[{\"@type\":\"ReadAction\",\"target\":[\"https:\/\/sateliteonline.mx\/wp\/mujer-es-herida-en-el-cuello-en-un-asalto\/\"]}]},{\"@type\":\"ImageObject\",\"inLanguage\":\"es\",\"@id\":\"https:\/\/sateliteonline.mx\/wp\/mujer-es-herida-en-el-cuello-en-un-asalto\/#primaryimage\",\"url\":\"https:\/\/sateliteonline.mx\/wp\/wp-content\/uploads\/2021\/12\/operativo.jpg\",\"contentUrl\":\"https:\/\/sateliteonline.mx\/wp\/wp-content\/uploads\/2021\/12\/operativo.jpg\",\"width\":592,\"height\":354},{\"@type\":\"BreadcrumbList\",\"@id\":\"https:\/\/sateliteonline.mx\/wp\/mujer-es-herida-en-el-cuello-en-un-asalto\/#breadcrumb\",\"itemListElement\":[{\"@type\":\"ListItem\",\"position\":1,\"name\":\"Portada\",\"item\":\"https:\/\/sateliteonline.mx\/wp\/\"},{\"@type\":\"ListItem\",\"position\":2,\"name\":\"Mujer es herida en el cuello en un asalto\"}]},{\"@type\":\"WebSite\",\"@id\":\"https:\/\/sateliteonline.mx\/wp\/#website\",\"url\":\"https:\/\/sateliteonline.mx\/wp\/\",\"name\":\"SateliteOnline.mx\",\"description\":\"A la Vanguardia en Noticias\",\"publisher\":{\"@id\":\"https:\/\/sateliteonline.mx\/wp\/#organization\"},\"potentialAction\":[{\"@type\":\"SearchAction\",\"target\":{\"@type\":\"EntryPoint\",\"urlTemplate\":\"https:\/\/sateliteonline.mx\/wp\/?s={search_term_string}\"},\"query-input\":{\"@type\":\"PropertyValueSpecification\",\"valueRequired\":true,\"valueName\":\"search_term_string\"}}],\"inLanguage\":\"es\"},{\"@type\":\"Organization\",\"@id\":\"https:\/\/sateliteonline.mx\/wp\/#organization\",\"name\":\"SateliteOnline.mx\",\"url\":\"https:\/\/sateliteonline.mx\/wp\/\",\"logo\":{\"@type\":\"ImageObject\",\"inLanguage\":\"es\",\"@id\":\"https:\/\/sateliteonline.mx\/wp\/#\/schema\/logo\/image\/\",\"url\":\"https:\/\/sateliteonline.mx\/wp\/wp-content\/uploads\/2025\/08\/cropped-LogoMX.png\",\"contentUrl\":\"https:\/\/sateliteonline.mx\/wp\/wp-content\/uploads\/2025\/08\/cropped-LogoMX.png\",\"width\":472,\"height\":181,\"caption\":\"SateliteOnline.mx\"},\"image\":{\"@id\":\"https:\/\/sateliteonline.mx\/wp\/#\/schema\/logo\/image\/\"}},{\"@type\":\"Person\",\"@id\":\"https:\/\/sateliteonline.mx\/wp\/#\/schema\/person\/87e985de8793f2c31b56a4ca49b979b3\",\"name\":\"Geovanny Elizalde\",\"image\":{\"@type\":\"ImageObject\",\"inLanguage\":\"es\",\"@id\":\"https:\/\/sateliteonline.mx\/wp\/#\/schema\/person\/image\/\",\"url\":\"https:\/\/secure.gravatar.com\/avatar\/75f4499b59200d38f057e967e297590ab2ebaad09283ddcb3e66ffb1f1a9f395?s=96&d=mm&r=g\",\"contentUrl\":\"https:\/\/secure.gravatar.com\/avatar\/75f4499b59200d38f057e967e297590ab2ebaad09283ddcb3e66ffb1f1a9f395?s=96&d=mm&r=g\",\"caption\":\"Geovanny Elizalde\"},\"url\":\"https:\/\/sateliteonline.mx\/wp\/author\/gelizalde\/\"}]}<\/script>\n<!-- \/ Yoast SEO plugin. -->","yoast_head_json":{"title":"Mujer es herida en el cuello en un asalto - SateliteOnline.mx","robots":{"index":"index","follow":"follow","max-snippet":"max-snippet:-1","max-image-preview":"max-image-preview:large","max-video-preview":"max-video-preview:-1"},"canonical":"https:\/\/sateliteonline.mx\/wp\/mujer-es-herida-en-el-cuello-en-un-asalto\/","og_locale":"es_ES","og_type":"article","og_title":"Mujer es herida en el cuello en un asalto - SateliteOnline.mx","og_description":"Sateliteonline.mx Culiac\u00e1n, Sinaloa; a 10 de julio de 2023.- Una mujer que es due\u00f1a de una tienda resulto","og_url":"https:\/\/sateliteonline.mx\/wp\/mujer-es-herida-en-el-cuello-en-un-asalto\/","og_site_name":"SateliteOnline.mx","article_published_time":"2023-07-10T18:56:43+00:00","author":"Geovanny Elizalde","twitter_card":"summary_large_image","twitter_misc":{"Escrito por":"Geovanny Elizalde","Tiempo de lectura":"1 minuto"},"schema":{"@context":"https:\/\/schema.org","@graph":[{"@type":"Article","@id":"https:\/\/sateliteonline.mx\/wp\/mujer-es-herida-en-el-cuello-en-un-asalto\/#article","isPartOf":{"@id":"https:\/\/sateliteonline.mx\/wp\/mujer-es-herida-en-el-cuello-en-un-asalto\/"},"author":{"name":"Geovanny Elizalde","@id":"https:\/\/sateliteonline.mx\/wp\/#\/schema\/person\/87e985de8793f2c31b56a4ca49b979b3"},"headline":"Mujer es herida en el cuello en un asalto","datePublished":"2023-07-10T18:56:43+00:00","mainEntityOfPage":{"@id":"https:\/\/sateliteonline.mx\/wp\/mujer-es-herida-en-el-cuello-en-un-asalto\/"},"wordCount":159,"publisher":{"@id":"https:\/\/sateliteonline.mx\/wp\/#organization"},"image":{"@id":"https:\/\/sateliteonline.mx\/wp\/mujer-es-herida-en-el-cuello-en-un-asalto\/#primaryimage"},"thumbnailUrl":"https:\/\/sateliteonline.mx\/wp\/wp-content\/uploads\/2021\/12\/operativo.jpg","keywords":["Mujer es herida en el cuello en un asalto"],"articleSection":["Policiaca"],"inLanguage":"es"},{"@type":"WebPage","@id":"https:\/\/sateliteonline.mx\/wp\/mujer-es-herida-en-el-cuello-en-un-asalto\/","url":"https:\/\/sateliteonline.mx\/wp\/mujer-es-herida-en-el-cuello-en-un-asalto\/","name":"Mujer es herida en el cuello en un asalto - SateliteOnline.mx","isPartOf":{"@id":"https:\/\/sateliteonline.mx\/wp\/#website"},"primaryImageOfPage":{"@id":"https:\/\/sateliteonline.mx\/wp\/mujer-es-herida-en-el-cuello-en-un-asalto\/#primaryimage"},"image":{"@id":"https:\/\/sateliteonline.mx\/wp\/mujer-es-herida-en-el-cuello-en-un-asalto\/#primaryimage"},"thumbnailUrl":"https:\/\/sateliteonline.mx\/wp\/wp-content\/uploads\/2021\/12\/operativo.jpg","datePublished":"2023-07-10T18:56:43+00:00","breadcrumb":{"@id":"https:\/\/sateliteonline.mx\/wp\/mujer-es-herida-en-el-cuello-en-un-asalto\/#breadcrumb"},"inLanguage":"es","potentialAction":[{"@type":"ReadAction","target":["https:\/\/sateliteonline.mx\/wp\/mujer-es-herida-en-el-cuello-en-un-asalto\/"]}]},{"@type":"ImageObject","inLanguage":"es","@id":"https:\/\/sateliteonline.mx\/wp\/mujer-es-herida-en-el-cuello-en-un-asalto\/#primaryimage","url":"https:\/\/sateliteonline.mx\/wp\/wp-content\/uploads\/2021\/12\/operativo.jpg","contentUrl":"https:\/\/sateliteonline.mx\/wp\/wp-content\/uploads\/2021\/12\/operativo.jpg","width":592,"height":354},{"@type":"BreadcrumbList","@id":"https:\/\/sateliteonline.mx\/wp\/mujer-es-herida-en-el-cuello-en-un-asalto\/#breadcrumb","itemListElement":[{"@type":"ListItem","position":1,"name":"Portada","item":"https:\/\/sateliteonline.mx\/wp\/"},{"@type":"ListItem","position":2,"name":"Mujer es herida en el cuello en un asalto"}]},{"@type":"WebSite","@id":"https:\/\/sateliteonline.mx\/wp\/#website","url":"https:\/\/sateliteonline.mx\/wp\/","name":"SateliteOnline.mx","description":"A la Vanguardia en Noticias","publisher":{"@id":"https:\/\/sateliteonline.mx\/wp\/#organization"},"potentialAction":[{"@type":"SearchAction","target":{"@type":"EntryPoint","urlTemplate":"https:\/\/sateliteonline.mx\/wp\/?s={search_term_string}"},"query-input":{"@type":"PropertyValueSpecification","valueRequired":true,"valueName":"search_term_string"}}],"inLanguage":"es"},{"@type":"Organization","@id":"https:\/\/sateliteonline.mx\/wp\/#organization","name":"SateliteOnline.mx","url":"https:\/\/sateliteonline.mx\/wp\/","logo":{"@type":"ImageObject","inLanguage":"es","@id":"https:\/\/sateliteonline.mx\/wp\/#\/schema\/logo\/image\/","url":"https:\/\/sateliteonline.mx\/wp\/wp-content\/uploads\/2025\/08\/cropped-LogoMX.png","contentUrl":"https:\/\/sateliteonline.mx\/wp\/wp-content\/uploads\/2025\/08\/cropped-LogoMX.png","width":472,"height":181,"caption":"SateliteOnline.mx"},"image":{"@id":"https:\/\/sateliteonline.mx\/wp\/#\/schema\/logo\/image\/"}},{"@type":"Person","@id":"https:\/\/sateliteonline.mx\/wp\/#\/schema\/person\/87e985de8793f2c31b56a4ca49b979b3","name":"Geovanny Elizalde","image":{"@type":"ImageObject","inLanguage":"es","@id":"https:\/\/sateliteonline.mx\/wp\/#\/schema\/person\/image\/","url":"https:\/\/secure.gravatar.com\/avatar\/75f4499b59200d38f057e967e297590ab2ebaad09283ddcb3e66ffb1f1a9f395?s=96&d=mm&r=g","contentUrl":"https:\/\/secure.gravatar.com\/avatar\/75f4499b59200d38f057e967e297590ab2ebaad09283ddcb3e66ffb1f1a9f395?s=96&d=mm&r=g","caption":"Geovanny Elizalde"},"url":"https:\/\/sateliteonline.mx\/wp\/author\/gelizalde\/"}]}},"jetpack_featured_media_url":"https:\/\/sateliteonline.mx\/wp\/wp-content\/uploads\/2021\/12\/operativo.jpg","rttpg_featured_image_url":{"full":["https:\/\/sateliteonline.mx\/wp\/wp-content\/uploads\/2021\/12\/operativo.jpg",592,354,false],"landscape":["https:\/\/sateliteonline.mx\/wp\/wp-content\/uploads\/2021\/12\/operativo.jpg",592,354,false],"portraits":["https:\/\/sateliteonline.mx\/wp\/wp-content\/uploads\/2021\/12\/operativo.jpg",592,354,false],"thumbnail":["https:\/\/sateliteonline.mx\/wp\/wp-content\/uploads\/2021\/12\/operativo-150x150.jpg",150,150,true],"medium":["https:\/\/sateliteonline.mx\/wp\/wp-content\/uploads\/2021\/12\/operativo-300x179.jpg",300,179,true],"large":["https:\/\/sateliteonline.mx\/wp\/wp-content\/uploads\/2021\/12\/operativo.jpg",592,354,false],"1536x1536":["https:\/\/sateliteonline.mx\/wp\/wp-content\/uploads\/2021\/12\/operativo.jpg",592,354,false],"2048x2048":["https:\/\/sateliteonline.mx\/wp\/wp-content\/uploads\/2021\/12\/operativo.jpg",592,354,false],"morenews-featured":["https:\/\/sateliteonline.mx\/wp\/wp-content\/uploads\/2021\/12\/operativo.jpg",592,354,false],"morenews-large":["https:\/\/sateliteonline.mx\/wp\/wp-content\/uploads\/2021\/12\/operativo.jpg",592,354,false],"morenews-medium":["https:\/\/sateliteonline.mx\/wp\/wp-content\/uploads\/2021\/12\/operativo-590x354.jpg",590,354,true]},"rttpg_author":{"display_name":"Geovanny Elizalde","author_link":"https:\/\/sateliteonline.mx\/wp\/author\/gelizalde\/"},"rttpg_comment":0,"rttpg_category":"<a href=\"https:\/\/sateliteonline.mx\/wp\/category\/policiaca\/\" rel=\"category tag\">Policiaca<\/a>","rttpg_excerpt":"Sateliteonline.mx Culiac\u00e1n, Sinaloa; a 10 de julio de 2023.- Una mujer que es due\u00f1a de una tienda resulto","_links":{"self":[{"href":"https:\/\/sateliteonline.mx\/wp\/wp-json\/wp\/v2\/posts\/158288","targetHints":{"allow":["GET"]}}],"collection":[{"href":"https:\/\/sateliteonline.mx\/wp\/wp-json\/wp\/v2\/posts"}],"about":[{"href":"https:\/\/sateliteonline.mx\/wp\/wp-json\/wp\/v2\/types\/post"}],"author":[{"embeddable":true,"href":"https:\/\/sateliteonline.mx\/wp\/wp-json\/wp\/v2\/users\/4"}],"replies":[{"embeddable":true,"href":"https:\/\/sateliteonline.mx\/wp\/wp-json\/wp\/v2\/comments?post=158288"}],"version-history":[{"count":0,"href":"https:\/\/sateliteonline.mx\/wp\/wp-json\/wp\/v2\/posts\/158288\/revisions"}],"wp:featuredmedia":[{"embeddable":true,"href":"https:\/\/sateliteonline.mx\/wp\/wp-json\/wp\/v2\/media\/126259"}],"wp:attachment":[{"href":"https:\/\/sateliteonline.mx\/wp\/wp-json\/wp\/v2\/media?parent=158288"}],"wp:term":[{"taxonomy":"category","embeddable":true,"href":"https:\/\/sateliteonline.mx\/wp\/wp-json\/wp\/v2\/categories?post=158288"},{"taxonomy":"post_tag","embeddable":true,"href":"https:\/\/sateliteonline.mx\/wp\/wp-json\/wp\/v2\/tags?post=158288"}],"curies":[{"name":"wp","href":"https:\/\/api.w.org\/{rel}","templated":true}]}}